{"id":1681,"date":"2022-09-14T18:48:41","date_gmt":"2022-09-14T15:48:41","guid":{"rendered":"https:\/\/www.paralympiarahasto.fi\/?p=1681"},"modified":"2022-09-14T18:56:25","modified_gmt":"2022-09-14T15:56:25","slug":"wethe15-natverk-vi-ocksa-projektets-lotta-nylund-hoppas-pa-mer-arbete-over-sprakgranserna-inom-den-finska-paraidrotten","status":"publish","type":"post","link":"https:\/\/www.paralympiarahasto.fi\/sv\/wethe15-natverk-vi-ocksa-projektets-lotta-nylund-hoppas-pa-mer-arbete-over-sprakgranserna-inom-den-finska-paraidrotten\/","title":{"rendered":"WeThe15-n\u00e4tverk \u2013 Vi ocks\u00e5 -projektets Lotta Nylund hoppas p\u00e5 mer arbete \u00f6ver spr\u00e5kgr\u00e4nserna inom den finska paraidrotten"},"content":{"rendered":"<p><strong>Kampanjen WeThe15 uppm\u00e4rksammar de 15 % av v\u00e4rldens befolkning med funktionsneds\u00e4ttning och deras position i samh\u00e4llet. Vad betyder j\u00e4mlikhet f\u00f6r Lotta Nylund, som ledar Vi ocks\u00e5 -projektet i Finlands Svenska Idrott?<\/strong><\/p>\n<p>Internationella paralympiska kommitt\u00e9ns WeThe15-kampanj f\u00e4ster uppm\u00e4rksamheten till de 15 procent av v\u00e4rldens befolkning, som har n\u00e5gon slags funktionsneds\u00e4ttning. Av hela v\u00e4rldens befolkning betyder det allts\u00e5 1,2 miljarder personer och i Finland 700\u00a0000 personer.<\/p>\n<p>Lotta Nylund leder Vi ocks\u00e5 -projektet i Finlands Svenska Idrott. Projektet fr\u00e4mjar j\u00e4mlikheten p\u00e5 idrottsf\u00e4ltet f\u00f6r svenskspr\u00e5kiga personer med funktionsneds\u00e4ttning eller l\u00e5ngtidssjukdom, genom att \u00f6ka deras m\u00f6jligheter att r\u00f6ra p\u00e5 sig och motionera.<\/p>\n<p>Vad betyder j\u00e4mlikhet f\u00f6r Nylund?<\/p>\n<p>&#8211; J\u00e4mlikhet betyder f\u00f6r mig att alla, oberoende hur dom r\u00f6r sig, varifr\u00e5n dom kommer, vem de \u00e4lskar, har m\u00f6jlighet att delta i samh\u00e4llet och i idrottsverksamhet, p\u00e5 det s\u00e4ttet som de \u00f6nskar och vill. Genom att anpassa verksamhet s\u00e5 kan vi f\u00e5 det mera j\u00e4mlikt.<\/p>\n<p>Hur fr\u00e4mjar man j\u00e4mlikhet i Vi ocks\u00e5 -projektet?<\/p>\n<p>&#8211; Vi fr\u00e4mjar det p\u00e5 m\u00e5nga olika s\u00e4tt p\u00e5 ett brett plan, kan man s\u00e4ga. Vi fr\u00e4mjar det genom att komma med svenskspr\u00e5kigt material, men ocks\u00e5 genom att komma med utbildningar till f\u00f6reningar, s\u00e5 att de f\u00e5r mera kunskap. P\u00e5 det s\u00e4ttet kan man \u00f6ppna upp sin verksamhet f\u00f6r mera m\u00e5ngfald. S\u00e5 det \u00e4r p\u00e5 det s\u00e4ttet som vi f\u00f6rs\u00f6ker fr\u00e4mja.<\/p>\n<p>&nbsp;<\/p>\n<p><iframe loading=\"lazy\" title=\"WeThe15-n\u00e4tverk \u2013 Vi ocks\u00e5 -projektets Lotta Nylund (p\u00e5 svenska)\" width=\"1080\" height=\"608\" src=\"https:\/\/www.youtube.com\/embed\/7gOPJYvsN5w?feature=oembed\"  allow=\"accelerometer; autoplay; clipboard-write; encrypted-media; gyroscope; picture-in-picture\" allowfullscreen><\/iframe><\/p>\n<p>&nbsp;<\/p>\n<p>Hurdana problemomr\u00e5den har Nylund m\u00f6tt p\u00e5 i hens jobb?<\/p>\n<p>&#8211; Jag har m\u00f6tt s\u00e5dana problem, att man till exempel inte \u00e4r medveten \u00f6ver att hur lite information det finns p\u00e5 svenska om d\u00e5 anpassad motion och var man kan ut\u00f6va det i sin kommun, men ocks\u00e5 om paraidrott.<\/p>\n<p>Enligt Nylund, \u00f6verhuvudtaget utbildning p\u00e5 svenska \u00e4r det st\u00f6rsta problemet, som g\u00f6r ocks\u00e5 att den svenskspr\u00e5kiga paraidrotten eller anpassade motionen st\u00e5r mera stilla i Finland \u00e4n finskspr\u00e5kiga.<\/p>\n<p>Hur kan man fr\u00e4mja j\u00e4mlikheten i Svenskfinland d\u00e5?<\/p>\n<p>&#8211; I framtiden kan vi fr\u00e4mja j\u00e4mlikheten p\u00e5 det s\u00e4ttet att vi jobbar \u00f6ver spr\u00e5kgr\u00e4nser \u00e4nnu mera. Jag s\u00e4ger att organisationer och idrottsf\u00f6reningar borde jobba \u00f6ver spr\u00e5kgr\u00e4nserna. P\u00e5 det s\u00e4tter ocks\u00e5 f\u00e5 utbildningarna b\u00e5de p\u00e5 finska och svenska, s\u00e5 att man inte k\u00f6r bara p\u00e5 finska och sen p\u00e5 svenska.<\/p>\n<p>Nylund anser att man borde \u00f6verhuvudtaget arbeta mera med Norden.<\/p>\n<p>&#8211; F\u00f6r d\u00e4rifr\u00e5n f\u00e5r vi materialet p\u00e5 svenska ocks\u00e5.<\/p>\n<p><strong>\u00a0<\/strong><\/p>\n<p><a href=\"https:\/\/idrott.fi\/om-fsi\/\"><strong><em>Finlands Svenska Idrott<\/em><\/strong><\/a><em> \u00e4r de svenskspr\u00e5kiga idrottsf\u00f6rbundens samlande organisation med uppgift att\u00a0st\u00f6dja och f\u00f6retr\u00e4da medlemmar i gemensamma fr\u00e5gor och ge goda f\u00f6ruts\u00e4ttningar att idrotta p\u00e5 svenska i Finland. <strong>Lotta<\/strong> <strong>Nylund<\/strong> leder <\/em><a href=\"https:\/\/idrott.fi\/idrott\/projekt\/vi-ocksa\/\"><em>Vi ocks\u00e5<\/em><\/a><em>\u00a0-projektet, som fr\u00e4mjar j\u00e4mlikheten p\u00e5 idrottsf\u00e4ltet f\u00f6r svenskspr\u00e5kiga<\/em> <em>personer med funktionsneds\u00e4ttning eller l\u00e5ngtidssjukdom, genom att \u00f6ka p\u00e5 deras m\u00f6jligheter att r\u00f6ra p\u00e5 sig och motionera.<\/em><\/p>\n<p><strong><em>Finlands Paralympiska kommitt\u00e9<\/em><\/strong><em> arbetar med befr\u00e4mjande av j\u00e4mlik idrottskultur och alla kan delta via donering till Paralympiska fonden. Paralympiska fonden skapar bland annat m\u00f6jligheter f\u00f6r barn och unga med funktionsneds\u00e4ttningar att b\u00f6rja sin stig inom idrott och hitta ett aktivare liv. L\u00e4s mer om\u00a0<\/em><a href=\"https:\/\/www.paralympiarahasto.fi\/sv\/var-historia\/\"><strong><em>v\u00e5r historia<\/em><\/strong><\/a><em>.<\/em><\/p>\n<p>&nbsp;<\/p>\n<p><a href=\"https:\/\/www.paralympiarahasto.fi\/wethe15-verkosto-vi-ocksa-hankkeen-lotta-nylund-toivoo-etta-suomalaisessa-paraurheilussa-tehtaisiin-enemman-tyota-yli-kielirajojen\/\"><i>Lue ja katso haastattelu suomeksi<\/i><\/a><\/p>\n<p>&nbsp;<\/p>\n<p><strong>L\u00e4s mer:<\/strong><\/p>\n<p><a href=\"https:\/\/www.paralympiarahasto.fi\/sv\/wethe15-idrottare-amanda-kotaja-med-hjalp-av-idrott-och-sport-kan-vi-gora-stora-framsteg-inom-jamlikhet\/\"><strong>WeThe15-idrottare \u2013 Amanda Kotaja: Med hj\u00e4lp av idrott och sport kan vi g\u00f6ra stora framsteg inom j\u00e4mlikhet<\/strong><\/a><\/p>\n<p><a href=\"https:\/\/www.paralympiarahasto.fi\/sv\/uusi-paralympiarahasto-avaa-kaikille-vaylan-tukea-paraurheilua-ja-yhdenvertaista-liikuntakulttuuria\/\"><strong>Paralympiska fonden \u00f6ppnar d\u00f6rren f\u00f6r alla, n\u00e4r det kommer till att st\u00f6da paraidrott och j\u00e4mlik idrottskultur<\/strong><\/a><\/p>\n","protected":false},"excerpt":{"rendered":"<p>Vad betyder j\u00e4mlikhet f\u00f6r Lotta Nylund, som ledar Vi ocks\u00e5 -projektet i Finlands Svenska Idrott?<\/p>\n","protected":false},"author":3,"featured_media":1679,"comment_status":"closed","ping_status":"closed","sticky":false,"template":"","format":"standard","meta":{"_et_pb_use_builder":"","_et_pb_old_content":"","_et_gb_content_width":"","inline_featured_image":false,"footnotes":""},"categories":[138],"tags":[141,139,142],"class_list":["post-1681","post","type-post","status-publish","format-standard","has-post-thumbnail","hentry","category-nyheter","tag-idrott","tag-jamlikhet","tag-wethe15-sv"],"yoast_head":"<!-- This site is optimized with the Yoast SEO plugin v27.5 - https:\/\/yoast.com\/product\/yoast-seo-wordpress\/ -->\n<title>WeThe15-n\u00e4tverk \u2013 Vi ocks\u00e5 -projektets Lotta Nylund hoppas p\u00e5 mer arbete \u00f6ver spr\u00e5kgr\u00e4nserna inom den finska paraidrotten - Paralympiarahasto<\/title>\n<meta name=\"description\" content=\"Kampanjen WeThe15 uppm\u00e4rksammar de 15 % av v\u00e4rldens befolkning med funktionsneds\u00e4ttning och deras position i samh\u00e4llet. Vad betyder j\u00e4mlikhet f\u00f6r Lotta Nylund, som ledar Vi ocks\u00e5 -projektet i Finlands Svenska Idrott?\" \/>\n<meta name=\"robots\" content=\"index, follow, max-snippet:-1, max-image-preview:large, max-video-preview:-1\" \/>\n<link rel=\"canonical\" href=\"https:\/\/www.paralympiarahasto.fi\/sv\/wethe15-natverk-vi-ocksa-projektets-lotta-nylund-hoppas-pa-mer-arbete-over-sprakgranserna-inom-den-finska-paraidrotten\/\" \/>\n<meta property=\"og:locale\" content=\"sv_SE\" \/>\n<meta property=\"og:type\" content=\"article\" \/>\n<meta property=\"og:title\" content=\"WeThe15-n\u00e4tverk \u2013 Vi ocks\u00e5 -projektets Lotta Nylund hoppas p\u00e5 mer arbete \u00f6ver spr\u00e5kgr\u00e4nserna inom den finska paraidrotten - Paralympiarahasto\" \/>\n<meta property=\"og:description\" content=\"Kampanjen WeThe15 uppm\u00e4rksammar de 15 % av v\u00e4rldens befolkning med funktionsneds\u00e4ttning och deras position i samh\u00e4llet. Vad betyder j\u00e4mlikhet f\u00f6r Lotta Nylund, som ledar Vi ocks\u00e5 -projektet i Finlands Svenska Idrott?\" \/>\n<meta property=\"og:url\" content=\"https:\/\/www.paralympiarahasto.fi\/sv\/wethe15-natverk-vi-ocksa-projektets-lotta-nylund-hoppas-pa-mer-arbete-over-sprakgranserna-inom-den-finska-paraidrotten\/\" \/>\n<meta property=\"og:site_name\" content=\"Paralympiarahasto\" \/>\n<meta property=\"article:publisher\" content=\"https:\/\/www.facebook.com\/paralympiakomitea\" \/>\n<meta property=\"article:published_time\" content=\"2022-09-14T15:48:41+00:00\" \/>\n<meta property=\"article:modified_time\" content=\"2022-09-14T15:56:25+00:00\" \/>\n<meta property=\"og:image\" content=\"https:\/\/www.paralympiarahasto.fi\/wp-content\/uploads\/2022\/09\/WeThe15_Lotta-Nylund_ViOcksa.png\" \/>\n\t<meta property=\"og:image:width\" content=\"600\" \/>\n\t<meta property=\"og:image:height\" content=\"338\" \/>\n\t<meta property=\"og:image:type\" content=\"image\/png\" \/>\n<meta name=\"author\" content=\"Jasmin Koskinen\" \/>\n<meta name=\"twitter:card\" content=\"summary_large_image\" \/>\n<meta name=\"twitter:creator\" content=\"@finnparalympic\" \/>\n<meta name=\"twitter:site\" content=\"@finnparalympic\" \/>\n<meta name=\"twitter:label1\" content=\"Skriven av\" \/>\n\t<meta name=\"twitter:data1\" content=\"Jasmin Koskinen\" \/>\n\t<meta name=\"twitter:label2\" content=\"Ber\u00e4knad l\u00e4stid\" \/>\n\t<meta name=\"twitter:data2\" content=\"3 minuter\" \/>\n<script type=\"application\/ld+json\" class=\"yoast-schema-graph\">{\"@context\":\"https:\\\/\\\/schema.org\",\"@graph\":[{\"@type\":\"Article\",\"@id\":\"https:\\\/\\\/www.paralympiarahasto.fi\\\/sv\\\/wethe15-natverk-vi-ocksa-projektets-lotta-nylund-hoppas-pa-mer-arbete-over-sprakgranserna-inom-den-finska-paraidrotten\\\/#article\",\"isPartOf\":{\"@id\":\"https:\\\/\\\/www.paralympiarahasto.fi\\\/sv\\\/wethe15-natverk-vi-ocksa-projektets-lotta-nylund-hoppas-pa-mer-arbete-over-sprakgranserna-inom-den-finska-paraidrotten\\\/\"},\"author\":{\"name\":\"Jasmin Koskinen\",\"@id\":\"https:\\\/\\\/www.paralympiarahasto.fi\\\/#\\\/schema\\\/person\\\/8d62d58fa5d7480451389a7a8c264685\"},\"headline\":\"WeThe15-n\u00e4tverk \u2013 Vi ocks\u00e5 -projektets Lotta Nylund hoppas p\u00e5 mer arbete \u00f6ver spr\u00e5kgr\u00e4nserna inom den finska paraidrotten\",\"datePublished\":\"2022-09-14T15:48:41+00:00\",\"dateModified\":\"2022-09-14T15:56:25+00:00\",\"mainEntityOfPage\":{\"@id\":\"https:\\\/\\\/www.paralympiarahasto.fi\\\/sv\\\/wethe15-natverk-vi-ocksa-projektets-lotta-nylund-hoppas-pa-mer-arbete-over-sprakgranserna-inom-den-finska-paraidrotten\\\/\"},\"wordCount\":652,\"publisher\":{\"@id\":\"https:\\\/\\\/www.paralympiarahasto.fi\\\/#organization\"},\"image\":{\"@id\":\"https:\\\/\\\/www.paralympiarahasto.fi\\\/sv\\\/wethe15-natverk-vi-ocksa-projektets-lotta-nylund-hoppas-pa-mer-arbete-over-sprakgranserna-inom-den-finska-paraidrotten\\\/#primaryimage\"},\"thumbnailUrl\":\"https:\\\/\\\/www.paralympiarahasto.fi\\\/wp-content\\\/uploads\\\/2022\\\/09\\\/WeThe15_Lotta-Nylund_ViOcksa.png\",\"keywords\":[\"idrott\",\"j\u00e4mlikhet\",\"WeThe15\"],\"articleSection\":[\"Nyheter\"],\"inLanguage\":\"sv-SE\"},{\"@type\":\"WebPage\",\"@id\":\"https:\\\/\\\/www.paralympiarahasto.fi\\\/sv\\\/wethe15-natverk-vi-ocksa-projektets-lotta-nylund-hoppas-pa-mer-arbete-over-sprakgranserna-inom-den-finska-paraidrotten\\\/\",\"url\":\"https:\\\/\\\/www.paralympiarahasto.fi\\\/sv\\\/wethe15-natverk-vi-ocksa-projektets-lotta-nylund-hoppas-pa-mer-arbete-over-sprakgranserna-inom-den-finska-paraidrotten\\\/\",\"name\":\"WeThe15-n\u00e4tverk \u2013 Vi ocks\u00e5 -projektets Lotta Nylund hoppas p\u00e5 mer arbete \u00f6ver spr\u00e5kgr\u00e4nserna inom den finska paraidrotten - Paralympiarahasto\",\"isPartOf\":{\"@id\":\"https:\\\/\\\/www.paralympiarahasto.fi\\\/#website\"},\"primaryImageOfPage\":{\"@id\":\"https:\\\/\\\/www.paralympiarahasto.fi\\\/sv\\\/wethe15-natverk-vi-ocksa-projektets-lotta-nylund-hoppas-pa-mer-arbete-over-sprakgranserna-inom-den-finska-paraidrotten\\\/#primaryimage\"},\"image\":{\"@id\":\"https:\\\/\\\/www.paralympiarahasto.fi\\\/sv\\\/wethe15-natverk-vi-ocksa-projektets-lotta-nylund-hoppas-pa-mer-arbete-over-sprakgranserna-inom-den-finska-paraidrotten\\\/#primaryimage\"},\"thumbnailUrl\":\"https:\\\/\\\/www.paralympiarahasto.fi\\\/wp-content\\\/uploads\\\/2022\\\/09\\\/WeThe15_Lotta-Nylund_ViOcksa.png\",\"datePublished\":\"2022-09-14T15:48:41+00:00\",\"dateModified\":\"2022-09-14T15:56:25+00:00\",\"description\":\"Kampanjen WeThe15 uppm\u00e4rksammar de 15 % av v\u00e4rldens befolkning med funktionsneds\u00e4ttning och deras position i samh\u00e4llet. Vad betyder j\u00e4mlikhet f\u00f6r Lotta Nylund, som ledar Vi ocks\u00e5 -projektet i Finlands Svenska Idrott?\",\"breadcrumb\":{\"@id\":\"https:\\\/\\\/www.paralympiarahasto.fi\\\/sv\\\/wethe15-natverk-vi-ocksa-projektets-lotta-nylund-hoppas-pa-mer-arbete-over-sprakgranserna-inom-den-finska-paraidrotten\\\/#breadcrumb\"},\"inLanguage\":\"sv-SE\",\"potentialAction\":[{\"@type\":\"ReadAction\",\"target\":[\"https:\\\/\\\/www.paralympiarahasto.fi\\\/sv\\\/wethe15-natverk-vi-ocksa-projektets-lotta-nylund-hoppas-pa-mer-arbete-over-sprakgranserna-inom-den-finska-paraidrotten\\\/\"]}]},{\"@type\":\"ImageObject\",\"inLanguage\":\"sv-SE\",\"@id\":\"https:\\\/\\\/www.paralympiarahasto.fi\\\/sv\\\/wethe15-natverk-vi-ocksa-projektets-lotta-nylund-hoppas-pa-mer-arbete-over-sprakgranserna-inom-den-finska-paraidrotten\\\/#primaryimage\",\"url\":\"https:\\\/\\\/www.paralympiarahasto.fi\\\/wp-content\\\/uploads\\\/2022\\\/09\\\/WeThe15_Lotta-Nylund_ViOcksa.png\",\"contentUrl\":\"https:\\\/\\\/www.paralympiarahasto.fi\\\/wp-content\\\/uploads\\\/2022\\\/09\\\/WeThe15_Lotta-Nylund_ViOcksa.png\",\"width\":600,\"height\":338,\"caption\":\"Vi Ocks\u00e5 -hanketta vet\u00e4v\u00e4 Lotta Nylund kertoo ajatuksiaan yhdenvertaisuudesta.\"},{\"@type\":\"BreadcrumbList\",\"@id\":\"https:\\\/\\\/www.paralympiarahasto.fi\\\/sv\\\/wethe15-natverk-vi-ocksa-projektets-lotta-nylund-hoppas-pa-mer-arbete-over-sprakgranserna-inom-den-finska-paraidrotten\\\/#breadcrumb\",\"itemListElement\":[{\"@type\":\"ListItem\",\"position\":1,\"name\":\"Framsida\",\"item\":\"https:\\\/\\\/www.paralympiarahasto.fi\\\/sv\\\/framsida\\\/\"},{\"@type\":\"ListItem\",\"position\":2,\"name\":\"WeThe15-n\u00e4tverk \u2013 Vi ocks\u00e5 -projektets Lotta Nylund hoppas p\u00e5 mer arbete \u00f6ver spr\u00e5kgr\u00e4nserna inom den finska paraidrotten\"}]},{\"@type\":\"WebSite\",\"@id\":\"https:\\\/\\\/www.paralympiarahasto.fi\\\/#website\",\"url\":\"https:\\\/\\\/www.paralympiarahasto.fi\\\/\",\"name\":\"Paralympiarahasto\",\"description\":\"Ole mukana muutoksen tekij&auml;n&auml;!\",\"publisher\":{\"@id\":\"https:\\\/\\\/www.paralympiarahasto.fi\\\/#organization\"},\"potentialAction\":[{\"@type\":\"SearchAction\",\"target\":{\"@type\":\"EntryPoint\",\"urlTemplate\":\"https:\\\/\\\/www.paralympiarahasto.fi\\\/?s={search_term_string}\"},\"query-input\":{\"@type\":\"PropertyValueSpecification\",\"valueRequired\":true,\"valueName\":\"search_term_string\"}}],\"inLanguage\":\"sv-SE\"},{\"@type\":\"Organization\",\"@id\":\"https:\\\/\\\/www.paralympiarahasto.fi\\\/#organization\",\"name\":\"Suomen Paralympiakomitea ry\",\"url\":\"https:\\\/\\\/www.paralympiarahasto.fi\\\/\",\"logo\":{\"@type\":\"ImageObject\",\"inLanguage\":\"sv-SE\",\"@id\":\"https:\\\/\\\/www.paralympiarahasto.fi\\\/#\\\/schema\\\/logo\\\/image\\\/\",\"url\":\"http:\\\/\\\/paralympiarahasto.fi\\\/wp-content\\\/uploads\\\/2021\\\/08\\\/xsuomen_paralympiakomitea_logo_cmyk_levea-1.png.pagespeed.ic_.aIEbAzOAwG.webp\",\"contentUrl\":\"http:\\\/\\\/paralympiarahasto.fi\\\/wp-content\\\/uploads\\\/2021\\\/08\\\/xsuomen_paralympiakomitea_logo_cmyk_levea-1.png.pagespeed.ic_.aIEbAzOAwG.webp\",\"width\":2000,\"height\":1000,\"caption\":\"Suomen Paralympiakomitea ry\"},\"image\":{\"@id\":\"https:\\\/\\\/www.paralympiarahasto.fi\\\/#\\\/schema\\\/logo\\\/image\\\/\"},\"sameAs\":[\"https:\\\/\\\/www.facebook.com\\\/paralympiakomitea\",\"https:\\\/\\\/x.com\\\/finnparalympic\",\"https:\\\/\\\/www.instagram.com\\\/finnparalympic\\\/\"]},{\"@type\":\"Person\",\"@id\":\"https:\\\/\\\/www.paralympiarahasto.fi\\\/#\\\/schema\\\/person\\\/8d62d58fa5d7480451389a7a8c264685\",\"name\":\"Jasmin Koskinen\"}]}<\/script>\n<!-- \/ Yoast SEO plugin. -->","yoast_head_json":{"title":"WeThe15-n\u00e4tverk \u2013 Vi ocks\u00e5 -projektets Lotta Nylund hoppas p\u00e5 mer arbete \u00f6ver spr\u00e5kgr\u00e4nserna inom den finska paraidrotten - Paralympiarahasto","description":"Kampanjen WeThe15 uppm\u00e4rksammar de 15 % av v\u00e4rldens befolkning med funktionsneds\u00e4ttning och deras position i samh\u00e4llet. Vad betyder j\u00e4mlikhet f\u00f6r Lotta Nylund, som ledar Vi ocks\u00e5 -projektet i Finlands Svenska Idrott?","robots":{"index":"index","follow":"follow","max-snippet":"max-snippet:-1","max-image-preview":"max-image-preview:large","max-video-preview":"max-video-preview:-1"},"canonical":"https:\/\/www.paralympiarahasto.fi\/sv\/wethe15-natverk-vi-ocksa-projektets-lotta-nylund-hoppas-pa-mer-arbete-over-sprakgranserna-inom-den-finska-paraidrotten\/","og_locale":"sv_SE","og_type":"article","og_title":"WeThe15-n\u00e4tverk \u2013 Vi ocks\u00e5 -projektets Lotta Nylund hoppas p\u00e5 mer arbete \u00f6ver spr\u00e5kgr\u00e4nserna inom den finska paraidrotten - Paralympiarahasto","og_description":"Kampanjen WeThe15 uppm\u00e4rksammar de 15 % av v\u00e4rldens befolkning med funktionsneds\u00e4ttning och deras position i samh\u00e4llet. Vad betyder j\u00e4mlikhet f\u00f6r Lotta Nylund, som ledar Vi ocks\u00e5 -projektet i Finlands Svenska Idrott?","og_url":"https:\/\/www.paralympiarahasto.fi\/sv\/wethe15-natverk-vi-ocksa-projektets-lotta-nylund-hoppas-pa-mer-arbete-over-sprakgranserna-inom-den-finska-paraidrotten\/","og_site_name":"Paralympiarahasto","article_publisher":"https:\/\/www.facebook.com\/paralympiakomitea","article_published_time":"2022-09-14T15:48:41+00:00","article_modified_time":"2022-09-14T15:56:25+00:00","og_image":[{"width":600,"height":338,"url":"https:\/\/www.paralympiarahasto.fi\/wp-content\/uploads\/2022\/09\/WeThe15_Lotta-Nylund_ViOcksa.png","type":"image\/png"}],"author":"Jasmin Koskinen","twitter_card":"summary_large_image","twitter_creator":"@finnparalympic","twitter_site":"@finnparalympic","twitter_misc":{"Skriven av":"Jasmin Koskinen","Ber\u00e4knad l\u00e4stid":"3 minuter"},"schema":{"@context":"https:\/\/schema.org","@graph":[{"@type":"Article","@id":"https:\/\/www.paralympiarahasto.fi\/sv\/wethe15-natverk-vi-ocksa-projektets-lotta-nylund-hoppas-pa-mer-arbete-over-sprakgranserna-inom-den-finska-paraidrotten\/#article","isPartOf":{"@id":"https:\/\/www.paralympiarahasto.fi\/sv\/wethe15-natverk-vi-ocksa-projektets-lotta-nylund-hoppas-pa-mer-arbete-over-sprakgranserna-inom-den-finska-paraidrotten\/"},"author":{"name":"Jasmin Koskinen","@id":"https:\/\/www.paralympiarahasto.fi\/#\/schema\/person\/8d62d58fa5d7480451389a7a8c264685"},"headline":"WeThe15-n\u00e4tverk \u2013 Vi ocks\u00e5 -projektets Lotta Nylund hoppas p\u00e5 mer arbete \u00f6ver spr\u00e5kgr\u00e4nserna inom den finska paraidrotten","datePublished":"2022-09-14T15:48:41+00:00","dateModified":"2022-09-14T15:56:25+00:00","mainEntityOfPage":{"@id":"https:\/\/www.paralympiarahasto.fi\/sv\/wethe15-natverk-vi-ocksa-projektets-lotta-nylund-hoppas-pa-mer-arbete-over-sprakgranserna-inom-den-finska-paraidrotten\/"},"wordCount":652,"publisher":{"@id":"https:\/\/www.paralympiarahasto.fi\/#organization"},"image":{"@id":"https:\/\/www.paralympiarahasto.fi\/sv\/wethe15-natverk-vi-ocksa-projektets-lotta-nylund-hoppas-pa-mer-arbete-over-sprakgranserna-inom-den-finska-paraidrotten\/#primaryimage"},"thumbnailUrl":"https:\/\/www.paralympiarahasto.fi\/wp-content\/uploads\/2022\/09\/WeThe15_Lotta-Nylund_ViOcksa.png","keywords":["idrott","j\u00e4mlikhet","WeThe15"],"articleSection":["Nyheter"],"inLanguage":"sv-SE"},{"@type":"WebPage","@id":"https:\/\/www.paralympiarahasto.fi\/sv\/wethe15-natverk-vi-ocksa-projektets-lotta-nylund-hoppas-pa-mer-arbete-over-sprakgranserna-inom-den-finska-paraidrotten\/","url":"https:\/\/www.paralympiarahasto.fi\/sv\/wethe15-natverk-vi-ocksa-projektets-lotta-nylund-hoppas-pa-mer-arbete-over-sprakgranserna-inom-den-finska-paraidrotten\/","name":"WeThe15-n\u00e4tverk \u2013 Vi ocks\u00e5 -projektets Lotta Nylund hoppas p\u00e5 mer arbete \u00f6ver spr\u00e5kgr\u00e4nserna inom den finska paraidrotten - Paralympiarahasto","isPartOf":{"@id":"https:\/\/www.paralympiarahasto.fi\/#website"},"primaryImageOfPage":{"@id":"https:\/\/www.paralympiarahasto.fi\/sv\/wethe15-natverk-vi-ocksa-projektets-lotta-nylund-hoppas-pa-mer-arbete-over-sprakgranserna-inom-den-finska-paraidrotten\/#primaryimage"},"image":{"@id":"https:\/\/www.paralympiarahasto.fi\/sv\/wethe15-natverk-vi-ocksa-projektets-lotta-nylund-hoppas-pa-mer-arbete-over-sprakgranserna-inom-den-finska-paraidrotten\/#primaryimage"},"thumbnailUrl":"https:\/\/www.paralympiarahasto.fi\/wp-content\/uploads\/2022\/09\/WeThe15_Lotta-Nylund_ViOcksa.png","datePublished":"2022-09-14T15:48:41+00:00","dateModified":"2022-09-14T15:56:25+00:00","description":"Kampanjen WeThe15 uppm\u00e4rksammar de 15 % av v\u00e4rldens befolkning med funktionsneds\u00e4ttning och deras position i samh\u00e4llet. Vad betyder j\u00e4mlikhet f\u00f6r Lotta Nylund, som ledar Vi ocks\u00e5 -projektet i Finlands Svenska Idrott?","breadcrumb":{"@id":"https:\/\/www.paralympiarahasto.fi\/sv\/wethe15-natverk-vi-ocksa-projektets-lotta-nylund-hoppas-pa-mer-arbete-over-sprakgranserna-inom-den-finska-paraidrotten\/#breadcrumb"},"inLanguage":"sv-SE","potentialAction":[{"@type":"ReadAction","target":["https:\/\/www.paralympiarahasto.fi\/sv\/wethe15-natverk-vi-ocksa-projektets-lotta-nylund-hoppas-pa-mer-arbete-over-sprakgranserna-inom-den-finska-paraidrotten\/"]}]},{"@type":"ImageObject","inLanguage":"sv-SE","@id":"https:\/\/www.paralympiarahasto.fi\/sv\/wethe15-natverk-vi-ocksa-projektets-lotta-nylund-hoppas-pa-mer-arbete-over-sprakgranserna-inom-den-finska-paraidrotten\/#primaryimage","url":"https:\/\/www.paralympiarahasto.fi\/wp-content\/uploads\/2022\/09\/WeThe15_Lotta-Nylund_ViOcksa.png","contentUrl":"https:\/\/www.paralympiarahasto.fi\/wp-content\/uploads\/2022\/09\/WeThe15_Lotta-Nylund_ViOcksa.png","width":600,"height":338,"caption":"Vi Ocks\u00e5 -hanketta vet\u00e4v\u00e4 Lotta Nylund kertoo ajatuksiaan yhdenvertaisuudesta."},{"@type":"BreadcrumbList","@id":"https:\/\/www.paralympiarahasto.fi\/sv\/wethe15-natverk-vi-ocksa-projektets-lotta-nylund-hoppas-pa-mer-arbete-over-sprakgranserna-inom-den-finska-paraidrotten\/#breadcrumb","itemListElement":[{"@type":"ListItem","position":1,"name":"Framsida","item":"https:\/\/www.paralympiarahasto.fi\/sv\/framsida\/"},{"@type":"ListItem","position":2,"name":"WeThe15-n\u00e4tverk \u2013 Vi ocks\u00e5 -projektets Lotta Nylund hoppas p\u00e5 mer arbete \u00f6ver spr\u00e5kgr\u00e4nserna inom den finska paraidrotten"}]},{"@type":"WebSite","@id":"https:\/\/www.paralympiarahasto.fi\/#website","url":"https:\/\/www.paralympiarahasto.fi\/","name":"Paralympiarahasto","description":"Ole mukana muutoksen tekij&auml;n&auml;!","publisher":{"@id":"https:\/\/www.paralympiarahasto.fi\/#organization"},"potentialAction":[{"@type":"SearchAction","target":{"@type":"EntryPoint","urlTemplate":"https:\/\/www.paralympiarahasto.fi\/?s={search_term_string}"},"query-input":{"@type":"PropertyValueSpecification","valueRequired":true,"valueName":"search_term_string"}}],"inLanguage":"sv-SE"},{"@type":"Organization","@id":"https:\/\/www.paralympiarahasto.fi\/#organization","name":"Suomen Paralympiakomitea ry","url":"https:\/\/www.paralympiarahasto.fi\/","logo":{"@type":"ImageObject","inLanguage":"sv-SE","@id":"https:\/\/www.paralympiarahasto.fi\/#\/schema\/logo\/image\/","url":"http:\/\/paralympiarahasto.fi\/wp-content\/uploads\/2021\/08\/xsuomen_paralympiakomitea_logo_cmyk_levea-1.png.pagespeed.ic_.aIEbAzOAwG.webp","contentUrl":"http:\/\/paralympiarahasto.fi\/wp-content\/uploads\/2021\/08\/xsuomen_paralympiakomitea_logo_cmyk_levea-1.png.pagespeed.ic_.aIEbAzOAwG.webp","width":2000,"height":1000,"caption":"Suomen Paralympiakomitea ry"},"image":{"@id":"https:\/\/www.paralympiarahasto.fi\/#\/schema\/logo\/image\/"},"sameAs":["https:\/\/www.facebook.com\/paralympiakomitea","https:\/\/x.com\/finnparalympic","https:\/\/www.instagram.com\/finnparalympic\/"]},{"@type":"Person","@id":"https:\/\/www.paralympiarahasto.fi\/#\/schema\/person\/8d62d58fa5d7480451389a7a8c264685","name":"Jasmin Koskinen"}]}},"_links":{"self":[{"href":"https:\/\/www.paralympiarahasto.fi\/sv\/wp-json\/wp\/v2\/posts\/1681","targetHints":{"allow":["GET"]}}],"collection":[{"href":"https:\/\/www.paralympiarahasto.fi\/sv\/wp-json\/wp\/v2\/posts"}],"about":[{"href":"https:\/\/www.paralympiarahasto.fi\/sv\/wp-json\/wp\/v2\/types\/post"}],"author":[{"embeddable":true,"href":"https:\/\/www.paralympiarahasto.fi\/sv\/wp-json\/wp\/v2\/users\/3"}],"replies":[{"embeddable":true,"href":"https:\/\/www.paralympiarahasto.fi\/sv\/wp-json\/wp\/v2\/comments?post=1681"}],"version-history":[{"count":3,"href":"https:\/\/www.paralympiarahasto.fi\/sv\/wp-json\/wp\/v2\/posts\/1681\/revisions"}],"predecessor-version":[{"id":1686,"href":"https:\/\/www.paralympiarahasto.fi\/sv\/wp-json\/wp\/v2\/posts\/1681\/revisions\/1686"}],"wp:featuredmedia":[{"embeddable":true,"href":"https:\/\/www.paralympiarahasto.fi\/sv\/wp-json\/wp\/v2\/media\/1679"}],"wp:attachment":[{"href":"https:\/\/www.paralympiarahasto.fi\/sv\/wp-json\/wp\/v2\/media?parent=1681"}],"wp:term":[{"taxonomy":"category","embeddable":true,"href":"https:\/\/www.paralympiarahasto.fi\/sv\/wp-json\/wp\/v2\/categories?post=1681"},{"taxonomy":"post_tag","embeddable":true,"href":"https:\/\/www.paralympiarahasto.fi\/sv\/wp-json\/wp\/v2\/tags?post=1681"}],"curies":[{"name":"wp","href":"https:\/\/api.w.org\/{rel}","templated":true}]}}