{"id":1624,"date":"2022-06-28T16:33:25","date_gmt":"2022-06-28T13:33:25","guid":{"rendered":"https:\/\/www.paralympiarahasto.fi\/?p=1624"},"modified":"2022-06-28T16:33:25","modified_gmt":"2022-06-28T13:33:25","slug":"ullmax-stoder-paraidrotten-med-egen-donation-till-paralympiska-fonden","status":"publish","type":"post","link":"https:\/\/www.paralympiarahasto.fi\/sv\/ullmax-stoder-paraidrotten-med-egen-donation-till-paralympiska-fonden\/","title":{"rendered":"Ullmax st\u00f6der paraidrotten med egen donation till Paralympiska fonden"},"content":{"rendered":"<p><strong>Med medel som samlats till den nya Paralympiska fonden som \u00f6ppnades i augusti i fjol befr\u00e4mjas en likv\u00e4rdig idrottskultur. <\/strong><strong>D\u00e4rtill skapas m\u00f6jligheter f\u00f6r personer med funktionshinder och st\u00f6dbeh\u00f6vande personer att kunna ut\u00f6va motion och \u00e4ven m\u00e5linriktad paraidrott i hela Finland.<\/strong><\/p>\n<p>Som en ny donationsgivare har nu ocks\u00e5 Ullmax som tillverkar underst\u00e4ll i merinoull samt funktionella kl\u00e4der anslutit sig. Ullmax donerar 3 000 euro till Paralympiska fonden.<\/p>\n<p>Ullmax vision \u00e4r att m\u00f6jligg\u00f6ra en aktiv fritid f\u00f6r alla. Produkterna s\u00e4ljs via f\u00f6reningar, lag och tr\u00e4ningsgrupper samt via den egna n\u00e4tbutiken.<\/p>\n<p>&#8211; Paralympiska fonden \u00e4r en naturlig samarbetspartner f\u00f6r oss, som delar v\u00e5ra m\u00e5l och v\u00e4rderingar. Vi \u00e4r v\u00e4ldigt tacksamma \u00f6ver att kunna st\u00f6da dem i detta arbete, s\u00e4ger Fredrik Johnsson, vd f\u00f6r Ullmax.<\/p>\n<p>Att donera pengar sker enkelt via <a href=\"https:\/\/eur03.safelinks.protection.outlook.com\/?url=https%3A%2F%2Fparalympiarahasto.fi%2Fsv&amp;data=05%7C01%7C%7C21c396587750436c7da708da5358192a%7C2beed459ae8d4cb886977c7c11e13585%7C0%7C0%7C637913937965322044%7CUnknown%7CTWFpbGZsb3d8eyJWIjoiMC4wLjAwMDAiLCJQIjoiV2luMzIiLCJBTiI6Ik1haWwiLCJXVCI6Mn0%3D%7C3000%7C%7C%7C&amp;sdata=gZ1ZMtJjqpq5kOdUIn7cje2zXbnN%2BjoqVQVaHJRvxnI%3D&amp;reserved=0\">Paralympiarahasto.fi\/sv<\/a> -sajten. \u00c4ven f\u00f6retag och samfund kan f\u00f6lja exemplet och de f\u00f6rsta f\u00f6retagsdonerarna har redan presenterats under rubriken <a href=\"https:\/\/www.paralympiarahasto.fi\/sv\/donerare\/\">Donerare<\/a>.<\/p>\n<p><em><a href=\"https:\/\/www.ullmax.com\/sv\/om-oss\/\" target=\"_blank\" rel=\"noopener\">Ullmax<\/a> tillverkar underst\u00e4ll i merinoull samt funktionella kl\u00e4der. <\/em><em>F\u00f6retagets vision \u00e4r att kunna m\u00f6jligg\u00f6ra en aktiv fritid f\u00f6r alla.<\/em><\/p>\n<p><em>Paralympiska fonden \u00e4r en fond som arbetar l\u00e5ngsiktigt och donationerna ut\u00f6kar fondens eget kapital. M\u00e5let \u00e4r att utdela ett \u00e5rligen \u00f6kande st\u00f6d till den finska paraidrotten f\u00f6r fr\u00e4mjandet av motionsm\u00f6jligheterna f\u00f6r personer med funktionshinder\u00a0 och st\u00f6dbeh\u00f6vande personer. <a href=\"https:\/\/donation.securycast.com\/paralympia\/?lang=sv\">Man kan donera h\u00e4r<\/a>.\u00a0<\/em><\/p>\n","protected":false},"excerpt":{"rendered":"<p>Som en ny donationsgivare har nu ocks\u00e5 Ullmax som tillverkar underst\u00e4ll i merinoull samt funktionella kl\u00e4der anslutit sig.<\/p>\n","protected":false},"author":3,"featured_media":1617,"comment_status":"closed","ping_status":"closed","sticky":false,"template":"","format":"standard","meta":{"_et_pb_use_builder":"","_et_pb_old_content":"","_et_gb_content_width":"","inline_featured_image":false,"footnotes":""},"categories":[138],"tags":[165,166,140],"class_list":["post-1624","post","type-post","status-publish","format-standard","has-post-thumbnail","hentry","category-nyheter","tag-donation","tag-foretag","tag-parasport"],"yoast_head":"<!-- This site is optimized with the Yoast SEO plugin v27.5 - https:\/\/yoast.com\/product\/yoast-seo-wordpress\/ -->\n<title>Ullmax st\u00f6der paraidrotten med egen donation till Paralympiska fonden - Paralympiarahasto<\/title>\n<meta name=\"description\" content=\"Med medel som samlats till den nya Paralympiska fonden som \u00f6ppnades i augusti i fjol befr\u00e4mjas en likv\u00e4rdig idrottskultur. D\u00e4rtill skapas m\u00f6jligheter f\u00f6r personer med funktionshinder och st\u00f6dbeh\u00f6vande personer att kunna ut\u00f6va motion och \u00e4ven m\u00e5linriktad paraidrott i hela Finland.\" \/>\n<meta name=\"robots\" content=\"index, follow, max-snippet:-1, max-image-preview:large, max-video-preview:-1\" \/>\n<link rel=\"canonical\" href=\"https:\/\/www.paralympiarahasto.fi\/sv\/ullmax-stoder-paraidrotten-med-egen-donation-till-paralympiska-fonden\/\" \/>\n<meta property=\"og:locale\" content=\"sv_SE\" \/>\n<meta property=\"og:type\" content=\"article\" \/>\n<meta property=\"og:title\" content=\"Ullmax st\u00f6der paraidrotten med egen donation till Paralympiska fonden - Paralympiarahasto\" \/>\n<meta property=\"og:description\" content=\"Med medel som samlats till den nya Paralympiska fonden som \u00f6ppnades i augusti i fjol befr\u00e4mjas en likv\u00e4rdig idrottskultur. D\u00e4rtill skapas m\u00f6jligheter f\u00f6r personer med funktionshinder och st\u00f6dbeh\u00f6vande personer att kunna ut\u00f6va motion och \u00e4ven m\u00e5linriktad paraidrott i hela Finland.\" \/>\n<meta property=\"og:url\" content=\"https:\/\/www.paralympiarahasto.fi\/sv\/ullmax-stoder-paraidrotten-med-egen-donation-till-paralympiska-fonden\/\" \/>\n<meta property=\"og:site_name\" content=\"Paralympiarahasto\" \/>\n<meta property=\"article:publisher\" content=\"https:\/\/www.facebook.com\/paralympiakomitea\" \/>\n<meta property=\"article:published_time\" content=\"2022-06-28T13:33:25+00:00\" \/>\n<meta property=\"og:image\" content=\"https:\/\/www.paralympiarahasto.fi\/wp-content\/uploads\/2022\/06\/SpecialOlympics_Melonta_MattiHamalainen_800.jpg\" \/>\n\t<meta property=\"og:image:width\" content=\"800\" \/>\n\t<meta property=\"og:image:height\" content=\"450\" \/>\n\t<meta property=\"og:image:type\" content=\"image\/jpeg\" \/>\n<meta name=\"author\" content=\"Jasmin Koskinen\" \/>\n<meta name=\"twitter:card\" content=\"summary_large_image\" \/>\n<meta name=\"twitter:creator\" content=\"@finnparalympic\" \/>\n<meta name=\"twitter:site\" content=\"@finnparalympic\" \/>\n<meta name=\"twitter:label1\" content=\"Skriven av\" \/>\n\t<meta name=\"twitter:data1\" content=\"Jasmin Koskinen\" \/>\n\t<meta name=\"twitter:label2\" content=\"Ber\u00e4knad l\u00e4stid\" \/>\n\t<meta name=\"twitter:data2\" content=\"1 minut\" \/>\n<script type=\"application\/ld+json\" class=\"yoast-schema-graph\">{\"@context\":\"https:\\\/\\\/schema.org\",\"@graph\":[{\"@type\":\"Article\",\"@id\":\"https:\\\/\\\/www.paralympiarahasto.fi\\\/sv\\\/ullmax-stoder-paraidrotten-med-egen-donation-till-paralympiska-fonden\\\/#article\",\"isPartOf\":{\"@id\":\"https:\\\/\\\/www.paralympiarahasto.fi\\\/sv\\\/ullmax-stoder-paraidrotten-med-egen-donation-till-paralympiska-fonden\\\/\"},\"author\":{\"name\":\"Jasmin Koskinen\",\"@id\":\"https:\\\/\\\/www.paralympiarahasto.fi\\\/#\\\/schema\\\/person\\\/8d62d58fa5d7480451389a7a8c264685\"},\"headline\":\"Ullmax st\u00f6der paraidrotten med egen donation till Paralympiska fonden\",\"datePublished\":\"2022-06-28T13:33:25+00:00\",\"mainEntityOfPage\":{\"@id\":\"https:\\\/\\\/www.paralympiarahasto.fi\\\/sv\\\/ullmax-stoder-paraidrotten-med-egen-donation-till-paralympiska-fonden\\\/\"},\"wordCount\":263,\"publisher\":{\"@id\":\"https:\\\/\\\/www.paralympiarahasto.fi\\\/#organization\"},\"image\":{\"@id\":\"https:\\\/\\\/www.paralympiarahasto.fi\\\/sv\\\/ullmax-stoder-paraidrotten-med-egen-donation-till-paralympiska-fonden\\\/#primaryimage\"},\"thumbnailUrl\":\"https:\\\/\\\/www.paralympiarahasto.fi\\\/wp-content\\\/uploads\\\/2022\\\/06\\\/SpecialOlympics_Melonta_MattiHamalainen_800.jpg\",\"keywords\":[\"donation\",\"f\u00f6retag\",\"parasport\"],\"articleSection\":[\"Nyheter\"],\"inLanguage\":\"sv-SE\"},{\"@type\":\"WebPage\",\"@id\":\"https:\\\/\\\/www.paralympiarahasto.fi\\\/sv\\\/ullmax-stoder-paraidrotten-med-egen-donation-till-paralympiska-fonden\\\/\",\"url\":\"https:\\\/\\\/www.paralympiarahasto.fi\\\/sv\\\/ullmax-stoder-paraidrotten-med-egen-donation-till-paralympiska-fonden\\\/\",\"name\":\"Ullmax st\u00f6der paraidrotten med egen donation till Paralympiska fonden - Paralympiarahasto\",\"isPartOf\":{\"@id\":\"https:\\\/\\\/www.paralympiarahasto.fi\\\/#website\"},\"primaryImageOfPage\":{\"@id\":\"https:\\\/\\\/www.paralympiarahasto.fi\\\/sv\\\/ullmax-stoder-paraidrotten-med-egen-donation-till-paralympiska-fonden\\\/#primaryimage\"},\"image\":{\"@id\":\"https:\\\/\\\/www.paralympiarahasto.fi\\\/sv\\\/ullmax-stoder-paraidrotten-med-egen-donation-till-paralympiska-fonden\\\/#primaryimage\"},\"thumbnailUrl\":\"https:\\\/\\\/www.paralympiarahasto.fi\\\/wp-content\\\/uploads\\\/2022\\\/06\\\/SpecialOlympics_Melonta_MattiHamalainen_800.jpg\",\"datePublished\":\"2022-06-28T13:33:25+00:00\",\"description\":\"Med medel som samlats till den nya Paralympiska fonden som \u00f6ppnades i augusti i fjol befr\u00e4mjas en likv\u00e4rdig idrottskultur. D\u00e4rtill skapas m\u00f6jligheter f\u00f6r personer med funktionshinder och st\u00f6dbeh\u00f6vande personer att kunna ut\u00f6va motion och \u00e4ven m\u00e5linriktad paraidrott i hela Finland.\",\"breadcrumb\":{\"@id\":\"https:\\\/\\\/www.paralympiarahasto.fi\\\/sv\\\/ullmax-stoder-paraidrotten-med-egen-donation-till-paralympiska-fonden\\\/#breadcrumb\"},\"inLanguage\":\"sv-SE\",\"potentialAction\":[{\"@type\":\"ReadAction\",\"target\":[\"https:\\\/\\\/www.paralympiarahasto.fi\\\/sv\\\/ullmax-stoder-paraidrotten-med-egen-donation-till-paralympiska-fonden\\\/\"]}]},{\"@type\":\"ImageObject\",\"inLanguage\":\"sv-SE\",\"@id\":\"https:\\\/\\\/www.paralympiarahasto.fi\\\/sv\\\/ullmax-stoder-paraidrotten-med-egen-donation-till-paralympiska-fonden\\\/#primaryimage\",\"url\":\"https:\\\/\\\/www.paralympiarahasto.fi\\\/wp-content\\\/uploads\\\/2022\\\/06\\\/SpecialOlympics_Melonta_MattiHamalainen_800.jpg\",\"contentUrl\":\"https:\\\/\\\/www.paralympiarahasto.fi\\\/wp-content\\\/uploads\\\/2022\\\/06\\\/SpecialOlympics_Melonta_MattiHamalainen_800.jpg\",\"width\":800,\"height\":450,\"caption\":\"Kehitysvammainen urheilija meloo kilpaa Special Olympics Finland -liivi yll\u00e4\u00e4n\"},{\"@type\":\"BreadcrumbList\",\"@id\":\"https:\\\/\\\/www.paralympiarahasto.fi\\\/sv\\\/ullmax-stoder-paraidrotten-med-egen-donation-till-paralympiska-fonden\\\/#breadcrumb\",\"itemListElement\":[{\"@type\":\"ListItem\",\"position\":1,\"name\":\"Framsida\",\"item\":\"https:\\\/\\\/www.paralympiarahasto.fi\\\/sv\\\/framsida\\\/\"},{\"@type\":\"ListItem\",\"position\":2,\"name\":\"Ullmax st\u00f6der paraidrotten med egen donation till Paralympiska fonden\"}]},{\"@type\":\"WebSite\",\"@id\":\"https:\\\/\\\/www.paralympiarahasto.fi\\\/#website\",\"url\":\"https:\\\/\\\/www.paralympiarahasto.fi\\\/\",\"name\":\"Paralympiarahasto\",\"description\":\"Ole mukana muutoksen tekij&auml;n&auml;!\",\"publisher\":{\"@id\":\"https:\\\/\\\/www.paralympiarahasto.fi\\\/#organization\"},\"potentialAction\":[{\"@type\":\"SearchAction\",\"target\":{\"@type\":\"EntryPoint\",\"urlTemplate\":\"https:\\\/\\\/www.paralympiarahasto.fi\\\/?s={search_term_string}\"},\"query-input\":{\"@type\":\"PropertyValueSpecification\",\"valueRequired\":true,\"valueName\":\"search_term_string\"}}],\"inLanguage\":\"sv-SE\"},{\"@type\":\"Organization\",\"@id\":\"https:\\\/\\\/www.paralympiarahasto.fi\\\/#organization\",\"name\":\"Suomen Paralympiakomitea ry\",\"url\":\"https:\\\/\\\/www.paralympiarahasto.fi\\\/\",\"logo\":{\"@type\":\"ImageObject\",\"inLanguage\":\"sv-SE\",\"@id\":\"https:\\\/\\\/www.paralympiarahasto.fi\\\/#\\\/schema\\\/logo\\\/image\\\/\",\"url\":\"http:\\\/\\\/paralympiarahasto.fi\\\/wp-content\\\/uploads\\\/2021\\\/08\\\/xsuomen_paralympiakomitea_logo_cmyk_levea-1.png.pagespeed.ic_.aIEbAzOAwG.webp\",\"contentUrl\":\"http:\\\/\\\/paralympiarahasto.fi\\\/wp-content\\\/uploads\\\/2021\\\/08\\\/xsuomen_paralympiakomitea_logo_cmyk_levea-1.png.pagespeed.ic_.aIEbAzOAwG.webp\",\"width\":2000,\"height\":1000,\"caption\":\"Suomen Paralympiakomitea ry\"},\"image\":{\"@id\":\"https:\\\/\\\/www.paralympiarahasto.fi\\\/#\\\/schema\\\/logo\\\/image\\\/\"},\"sameAs\":[\"https:\\\/\\\/www.facebook.com\\\/paralympiakomitea\",\"https:\\\/\\\/x.com\\\/finnparalympic\",\"https:\\\/\\\/www.instagram.com\\\/finnparalympic\\\/\"]},{\"@type\":\"Person\",\"@id\":\"https:\\\/\\\/www.paralympiarahasto.fi\\\/#\\\/schema\\\/person\\\/8d62d58fa5d7480451389a7a8c264685\",\"name\":\"Jasmin Koskinen\"}]}<\/script>\n<!-- \/ Yoast SEO plugin. -->","yoast_head_json":{"title":"Ullmax st\u00f6der paraidrotten med egen donation till Paralympiska fonden - Paralympiarahasto","description":"Med medel som samlats till den nya Paralympiska fonden som \u00f6ppnades i augusti i fjol befr\u00e4mjas en likv\u00e4rdig idrottskultur. D\u00e4rtill skapas m\u00f6jligheter f\u00f6r personer med funktionshinder och st\u00f6dbeh\u00f6vande personer att kunna ut\u00f6va motion och \u00e4ven m\u00e5linriktad paraidrott i hela Finland.","robots":{"index":"index","follow":"follow","max-snippet":"max-snippet:-1","max-image-preview":"max-image-preview:large","max-video-preview":"max-video-preview:-1"},"canonical":"https:\/\/www.paralympiarahasto.fi\/sv\/ullmax-stoder-paraidrotten-med-egen-donation-till-paralympiska-fonden\/","og_locale":"sv_SE","og_type":"article","og_title":"Ullmax st\u00f6der paraidrotten med egen donation till Paralympiska fonden - Paralympiarahasto","og_description":"Med medel som samlats till den nya Paralympiska fonden som \u00f6ppnades i augusti i fjol befr\u00e4mjas en likv\u00e4rdig idrottskultur. D\u00e4rtill skapas m\u00f6jligheter f\u00f6r personer med funktionshinder och st\u00f6dbeh\u00f6vande personer att kunna ut\u00f6va motion och \u00e4ven m\u00e5linriktad paraidrott i hela Finland.","og_url":"https:\/\/www.paralympiarahasto.fi\/sv\/ullmax-stoder-paraidrotten-med-egen-donation-till-paralympiska-fonden\/","og_site_name":"Paralympiarahasto","article_publisher":"https:\/\/www.facebook.com\/paralympiakomitea","article_published_time":"2022-06-28T13:33:25+00:00","og_image":[{"width":800,"height":450,"url":"https:\/\/www.paralympiarahasto.fi\/wp-content\/uploads\/2022\/06\/SpecialOlympics_Melonta_MattiHamalainen_800.jpg","type":"image\/jpeg"}],"author":"Jasmin Koskinen","twitter_card":"summary_large_image","twitter_creator":"@finnparalympic","twitter_site":"@finnparalympic","twitter_misc":{"Skriven av":"Jasmin Koskinen","Ber\u00e4knad l\u00e4stid":"1 minut"},"schema":{"@context":"https:\/\/schema.org","@graph":[{"@type":"Article","@id":"https:\/\/www.paralympiarahasto.fi\/sv\/ullmax-stoder-paraidrotten-med-egen-donation-till-paralympiska-fonden\/#article","isPartOf":{"@id":"https:\/\/www.paralympiarahasto.fi\/sv\/ullmax-stoder-paraidrotten-med-egen-donation-till-paralympiska-fonden\/"},"author":{"name":"Jasmin Koskinen","@id":"https:\/\/www.paralympiarahasto.fi\/#\/schema\/person\/8d62d58fa5d7480451389a7a8c264685"},"headline":"Ullmax st\u00f6der paraidrotten med egen donation till Paralympiska fonden","datePublished":"2022-06-28T13:33:25+00:00","mainEntityOfPage":{"@id":"https:\/\/www.paralympiarahasto.fi\/sv\/ullmax-stoder-paraidrotten-med-egen-donation-till-paralympiska-fonden\/"},"wordCount":263,"publisher":{"@id":"https:\/\/www.paralympiarahasto.fi\/#organization"},"image":{"@id":"https:\/\/www.paralympiarahasto.fi\/sv\/ullmax-stoder-paraidrotten-med-egen-donation-till-paralympiska-fonden\/#primaryimage"},"thumbnailUrl":"https:\/\/www.paralympiarahasto.fi\/wp-content\/uploads\/2022\/06\/SpecialOlympics_Melonta_MattiHamalainen_800.jpg","keywords":["donation","f\u00f6retag","parasport"],"articleSection":["Nyheter"],"inLanguage":"sv-SE"},{"@type":"WebPage","@id":"https:\/\/www.paralympiarahasto.fi\/sv\/ullmax-stoder-paraidrotten-med-egen-donation-till-paralympiska-fonden\/","url":"https:\/\/www.paralympiarahasto.fi\/sv\/ullmax-stoder-paraidrotten-med-egen-donation-till-paralympiska-fonden\/","name":"Ullmax st\u00f6der paraidrotten med egen donation till Paralympiska fonden - Paralympiarahasto","isPartOf":{"@id":"https:\/\/www.paralympiarahasto.fi\/#website"},"primaryImageOfPage":{"@id":"https:\/\/www.paralympiarahasto.fi\/sv\/ullmax-stoder-paraidrotten-med-egen-donation-till-paralympiska-fonden\/#primaryimage"},"image":{"@id":"https:\/\/www.paralympiarahasto.fi\/sv\/ullmax-stoder-paraidrotten-med-egen-donation-till-paralympiska-fonden\/#primaryimage"},"thumbnailUrl":"https:\/\/www.paralympiarahasto.fi\/wp-content\/uploads\/2022\/06\/SpecialOlympics_Melonta_MattiHamalainen_800.jpg","datePublished":"2022-06-28T13:33:25+00:00","description":"Med medel som samlats till den nya Paralympiska fonden som \u00f6ppnades i augusti i fjol befr\u00e4mjas en likv\u00e4rdig idrottskultur. D\u00e4rtill skapas m\u00f6jligheter f\u00f6r personer med funktionshinder och st\u00f6dbeh\u00f6vande personer att kunna ut\u00f6va motion och \u00e4ven m\u00e5linriktad paraidrott i hela Finland.","breadcrumb":{"@id":"https:\/\/www.paralympiarahasto.fi\/sv\/ullmax-stoder-paraidrotten-med-egen-donation-till-paralympiska-fonden\/#breadcrumb"},"inLanguage":"sv-SE","potentialAction":[{"@type":"ReadAction","target":["https:\/\/www.paralympiarahasto.fi\/sv\/ullmax-stoder-paraidrotten-med-egen-donation-till-paralympiska-fonden\/"]}]},{"@type":"ImageObject","inLanguage":"sv-SE","@id":"https:\/\/www.paralympiarahasto.fi\/sv\/ullmax-stoder-paraidrotten-med-egen-donation-till-paralympiska-fonden\/#primaryimage","url":"https:\/\/www.paralympiarahasto.fi\/wp-content\/uploads\/2022\/06\/SpecialOlympics_Melonta_MattiHamalainen_800.jpg","contentUrl":"https:\/\/www.paralympiarahasto.fi\/wp-content\/uploads\/2022\/06\/SpecialOlympics_Melonta_MattiHamalainen_800.jpg","width":800,"height":450,"caption":"Kehitysvammainen urheilija meloo kilpaa Special Olympics Finland -liivi yll\u00e4\u00e4n"},{"@type":"BreadcrumbList","@id":"https:\/\/www.paralympiarahasto.fi\/sv\/ullmax-stoder-paraidrotten-med-egen-donation-till-paralympiska-fonden\/#breadcrumb","itemListElement":[{"@type":"ListItem","position":1,"name":"Framsida","item":"https:\/\/www.paralympiarahasto.fi\/sv\/framsida\/"},{"@type":"ListItem","position":2,"name":"Ullmax st\u00f6der paraidrotten med egen donation till Paralympiska fonden"}]},{"@type":"WebSite","@id":"https:\/\/www.paralympiarahasto.fi\/#website","url":"https:\/\/www.paralympiarahasto.fi\/","name":"Paralympiarahasto","description":"Ole mukana muutoksen tekij&auml;n&auml;!","publisher":{"@id":"https:\/\/www.paralympiarahasto.fi\/#organization"},"potentialAction":[{"@type":"SearchAction","target":{"@type":"EntryPoint","urlTemplate":"https:\/\/www.paralympiarahasto.fi\/?s={search_term_string}"},"query-input":{"@type":"PropertyValueSpecification","valueRequired":true,"valueName":"search_term_string"}}],"inLanguage":"sv-SE"},{"@type":"Organization","@id":"https:\/\/www.paralympiarahasto.fi\/#organization","name":"Suomen Paralympiakomitea ry","url":"https:\/\/www.paralympiarahasto.fi\/","logo":{"@type":"ImageObject","inLanguage":"sv-SE","@id":"https:\/\/www.paralympiarahasto.fi\/#\/schema\/logo\/image\/","url":"http:\/\/paralympiarahasto.fi\/wp-content\/uploads\/2021\/08\/xsuomen_paralympiakomitea_logo_cmyk_levea-1.png.pagespeed.ic_.aIEbAzOAwG.webp","contentUrl":"http:\/\/paralympiarahasto.fi\/wp-content\/uploads\/2021\/08\/xsuomen_paralympiakomitea_logo_cmyk_levea-1.png.pagespeed.ic_.aIEbAzOAwG.webp","width":2000,"height":1000,"caption":"Suomen Paralympiakomitea ry"},"image":{"@id":"https:\/\/www.paralympiarahasto.fi\/#\/schema\/logo\/image\/"},"sameAs":["https:\/\/www.facebook.com\/paralympiakomitea","https:\/\/x.com\/finnparalympic","https:\/\/www.instagram.com\/finnparalympic\/"]},{"@type":"Person","@id":"https:\/\/www.paralympiarahasto.fi\/#\/schema\/person\/8d62d58fa5d7480451389a7a8c264685","name":"Jasmin Koskinen"}]}},"_links":{"self":[{"href":"https:\/\/www.paralympiarahasto.fi\/sv\/wp-json\/wp\/v2\/posts\/1624","targetHints":{"allow":["GET"]}}],"collection":[{"href":"https:\/\/www.paralympiarahasto.fi\/sv\/wp-json\/wp\/v2\/posts"}],"about":[{"href":"https:\/\/www.paralympiarahasto.fi\/sv\/wp-json\/wp\/v2\/types\/post"}],"author":[{"embeddable":true,"href":"https:\/\/www.paralympiarahasto.fi\/sv\/wp-json\/wp\/v2\/users\/3"}],"replies":[{"embeddable":true,"href":"https:\/\/www.paralympiarahasto.fi\/sv\/wp-json\/wp\/v2\/comments?post=1624"}],"version-history":[{"count":1,"href":"https:\/\/www.paralympiarahasto.fi\/sv\/wp-json\/wp\/v2\/posts\/1624\/revisions"}],"predecessor-version":[{"id":1625,"href":"https:\/\/www.paralympiarahasto.fi\/sv\/wp-json\/wp\/v2\/posts\/1624\/revisions\/1625"}],"wp:featuredmedia":[{"embeddable":true,"href":"https:\/\/www.paralympiarahasto.fi\/sv\/wp-json\/wp\/v2\/media\/1617"}],"wp:attachment":[{"href":"https:\/\/www.paralympiarahasto.fi\/sv\/wp-json\/wp\/v2\/media?parent=1624"}],"wp:term":[{"taxonomy":"category","embeddable":true,"href":"https:\/\/www.paralympiarahasto.fi\/sv\/wp-json\/wp\/v2\/categories?post=1624"},{"taxonomy":"post_tag","embeddable":true,"href":"https:\/\/www.paralympiarahasto.fi\/sv\/wp-json\/wp\/v2\/tags?post=1624"}],"curies":[{"name":"wp","href":"https:\/\/api.w.org\/{rel}","templated":true}]}}