{"id":1507,"date":"2021-10-14T17:42:25","date_gmt":"2021-10-14T14:42:25","guid":{"rendered":"https:\/\/www.paralympiarahasto.fi\/?p=1507"},"modified":"2022-04-21T18:06:29","modified_gmt":"2022-04-21T15:06:29","slug":"wethe15-idrottare-amanda-kotaja-med-hjalp-av-idrott-och-sport-kan-vi-gora-stora-framsteg-inom-jamlikhet","status":"publish","type":"post","link":"https:\/\/www.paralympiarahasto.fi\/sv\/wethe15-idrottare-amanda-kotaja-med-hjalp-av-idrott-och-sport-kan-vi-gora-stora-framsteg-inom-jamlikhet\/","title":{"rendered":"WeThe15-idrottare \u2013 Amanda Kotaja: Med hj\u00e4lp av idrott och sport kan vi g\u00f6ra stora framsteg inom j\u00e4mlikhet"},"content":{"rendered":"<p><strong>Samtidigt som Amanda Kotaja f\u00f6rberedde sig f\u00f6r sin egen t\u00e4vlingsresa till Tokyos paralympiska spel, startade internationella Paralympiska kommitt\u00e9n IPC den globala WeThe15-kampanjen. Vad t\u00e4nker den f\u00e4rska paralympiska silvermedalj\u00f6ren om j\u00e4mlikhet?<\/strong><\/p>\n<p>WeThe15-kampanjen f\u00e4ster uppm\u00e4rksamheten till de 15 procent av v\u00e4rldens befolkning, som har n\u00e5gon slags funktionsneds\u00e4ttning. Av hela v\u00e4rldens befolkning betyder det allts\u00e5 1,2 miljarder personer och i Finland 700\u00a0000 personer. Det \u00e4r en f\u00f6r stor andel f\u00f6r att ignorera i diskussioner och beslut om samh\u00e4llet. Amanda Kotaja \u00e4r en av dem.<\/p>\n<p>T54-klassens 100 meters rullstolsracings silvermedalj\u00f6r i Tokyo, Amanda Kotaja, s\u00e4ger att j\u00e4mlikhet betyder f\u00f6r henne att alla har samma m\u00f6jlighet att leva, och hurudan man \u00e4r eller varifr\u00e5n man \u00e4r borde inte p\u00e5verka m\u00f6jligheterna. Kotaja s\u00e4ger att inom idrott och sport syns j\u00e4mlikhet varierande.<\/p>\n<p>&#8211; Det syns b\u00e4ttre och tydligare hela tiden, men vi m\u00e5ste \u00e4nnu ocks\u00e5 g\u00f6ra ljud f\u00f6r de r\u00e4tter som vill ha och beh\u00f6ver s\u00e5 att alla skulle ha m\u00f6jlighet idrotta och t\u00e4vla inom den gren som man vill.<\/p>\n<p>Kotaja tror att idrott och sport kan ha en roll fr\u00e4mjande av j\u00e4mlikhet i Finland.<\/p>\n<p>&#8211; Idrott och sport \u00e4r ett universellt f\u00e4lt, var r\u00f6relse \u00e4r typ samma f\u00f6r alla, men alla g\u00f6r det p\u00e5 sitt s\u00e4tt. Det talar f\u00f6r sig sj\u00e4lv. Idrott och sport \u00e4r s\u00e5 synlig och bred del av v\u00e5r vardag, s\u00e5 jag tror att med hj\u00e4lp av dem kan vi f\u00e5 mycket till st\u00e5nd.<\/p>\n<p>&nbsp;<\/p>\n<p><iframe loading=\"lazy\" title=\"WeThe15-idrottare: Tokyo Paralympisk silvermedalj\u00f6r Amanda Kotaja\" width=\"1080\" height=\"608\" src=\"https:\/\/www.youtube.com\/embed\/CNjnJ2zWPV4?feature=oembed\"  allow=\"accelerometer; autoplay; clipboard-write; encrypted-media; gyroscope; picture-in-picture\" allowfullscreen><\/iframe><\/p>\n<p>&nbsp;<\/p>\n<p>&#8211; Jag var den enda rullstolsanv\u00e4ndade i min skola. Idrott \u00e4r egentligen ett av de f\u00f6rsta st\u00e4llen d\u00e4r jag fick vara med s\u00e5 att sig likadana som jag, och det var till en viss m\u00e5n d\u00e5 jag f\u00f6rstod hur stor betydelse likhet har. Det \u00e4r fint att n\u00e5gon \u00e4r n\u00e4ra som p\u00e5 riktigt f\u00f6rst\u00e5r din olikhet och har g\u00e5tt igenom liknande saker. Idrott \u00e4r \u00e4nnu ocks\u00e5 n\u00e5got st\u00e4rkande \u2013 det visar till hela v\u00e4rlden vad vi som paraidrottare kan g\u00f6ra.<\/p>\n<p>65 % av personer med funktionsneds\u00e4ttningar eller personer som beh\u00f6ver st\u00f6d skulle vilja r\u00f6ra p\u00e5 sig mera. \u00c4ven om 65 % av finska idrottsf\u00f6reningar ordnar verksamhet f\u00f6r personer med funktionsneds\u00e4ttningar, finns det \u00e4nd\u00e5 m\u00e5nga hinder som st\u00e5r i v\u00e4gen f\u00f6r att b\u00f6rja en idrottslig hobby. De st\u00f6rsta \u00e4r att hitta en passlig grupp.<\/p>\n<p>Kotaja, som har l\u00e4nge h\u00f6rt till sin grens v\u00e4rldselit, k\u00e4nner sig lyckligt lottad av att hon togs med, med \u00f6ppet sinne till hennes idrottsf\u00f6rening. Hon hoppas att j\u00e4mlikhet skulle utvecklas s\u00e5, att alla skulle fundera p\u00e5 sina egna m\u00f6jligheter att bem\u00f6ta olikhet och ta med i sin verksamhet.<\/p>\n<p>&#8211; Jag tror att idrottsf\u00f6reningar \u00e4r i nyckelposition i befr\u00e4mjande av j\u00e4mlikhet. Nu \u00e4r det dags att f\u00f6ra ord till handling.<\/p>\n<p><em>Amanda Kotaja \u00e4r en 26 \u00e5rig toppidrottare som har under sin karri\u00e4r vunnit bland annat 3 VM-guld och 4 EM-guld. Hon representerar hennes hemkommuns Vampulan Urheilijat men bor i Helsingfors. Hon \u00e4r ocks\u00e5 utbildad idrottsledare.<\/em><\/p>\n<p><em>Finlands Paralympiska kommitt\u00e9 arbetar med befr\u00e4mjande av j\u00e4mlik idrottskultur och alla kan delta via donering till Paralympiska fonden. Paralympiska fonden skapar bland annat m\u00f6jligheter f\u00f6r barn och unga med funktionsneds\u00e4ttningar att b\u00f6rja sin stig inom idrott och hitta ett aktivare liv. L\u00e4s mer om <\/em><a href=\"https:\/\/www.paralympiarahasto.fi\/sv\/var-historia\/\">v\u00e5r historia<\/a><em>.<\/em><\/p>\n","protected":false},"excerpt":{"rendered":"<p>Samtidigt som Amanda Kotaja f\u00f6rberedde sig f\u00f6r sin egen t\u00e4vlingsresa till Tokyos paralympiska spel, startade internationella Paralympiska kommitt\u00e9n IPC den globala WeThe15-kampanjen. Vad t\u00e4nker den f\u00e4rska paralympiska silvermedalj\u00f6ren om j\u00e4mlikhet?<\/p>\n","protected":false},"author":3,"featured_media":1032,"comment_status":"closed","ping_status":"closed","sticky":false,"template":"","format":"standard","meta":{"_et_pb_use_builder":"","_et_pb_old_content":"","_et_gb_content_width":"","inline_featured_image":false,"footnotes":""},"categories":[138],"tags":[141,139,140,142],"class_list":["post-1507","post","type-post","status-publish","format-standard","has-post-thumbnail","hentry","category-nyheter","tag-idrott","tag-jamlikhet","tag-parasport","tag-wethe15-sv"],"yoast_head":"<!-- This site is optimized with the Yoast SEO plugin v27.5 - https:\/\/yoast.com\/product\/yoast-seo-wordpress\/ -->\n<title>WeThe15-idrottare \u2013 Amanda Kotaja: Med hj\u00e4lp av idrott och sport kan vi g\u00f6ra stora framsteg inom j\u00e4mlikhet - Paralympiarahasto<\/title>\n<meta name=\"description\" content=\"Vad t\u00e4nker paralympiska silvermedalj\u00f6ren Amanda Kotaja om j\u00e4mlikhet?\" \/>\n<meta name=\"robots\" content=\"index, follow, max-snippet:-1, max-image-preview:large, max-video-preview:-1\" \/>\n<link rel=\"canonical\" href=\"https:\/\/www.paralympiarahasto.fi\/sv\/wethe15-idrottare-amanda-kotaja-med-hjalp-av-idrott-och-sport-kan-vi-gora-stora-framsteg-inom-jamlikhet\/\" \/>\n<meta property=\"og:locale\" content=\"sv_SE\" \/>\n<meta property=\"og:type\" content=\"article\" \/>\n<meta property=\"og:title\" content=\"WeThe15-idrottare \u2013 Amanda Kotaja: Med hj\u00e4lp av idrott och sport kan vi g\u00f6ra stora framsteg inom j\u00e4mlikhet - Paralympiarahasto\" \/>\n<meta property=\"og:description\" content=\"Vad t\u00e4nker paralympiska silvermedalj\u00f6ren Amanda Kotaja om j\u00e4mlikhet?\" \/>\n<meta property=\"og:url\" content=\"https:\/\/www.paralympiarahasto.fi\/sv\/wethe15-idrottare-amanda-kotaja-med-hjalp-av-idrott-och-sport-kan-vi-gora-stora-framsteg-inom-jamlikhet\/\" \/>\n<meta property=\"og:site_name\" content=\"Paralympiarahasto\" \/>\n<meta property=\"article:publisher\" content=\"https:\/\/www.facebook.com\/paralympiakomitea\" \/>\n<meta property=\"article:published_time\" content=\"2021-10-14T14:42:25+00:00\" \/>\n<meta property=\"article:modified_time\" content=\"2022-04-21T15:06:29+00:00\" \/>\n<meta property=\"og:image\" content=\"https:\/\/www.paralympiarahasto.fi\/wp-content\/uploads\/2021\/10\/Amanda_WeThe15_artikkelikuva.png\" \/>\n\t<meta property=\"og:image:width\" content=\"800\" \/>\n\t<meta property=\"og:image:height\" content=\"450\" \/>\n\t<meta property=\"og:image:type\" content=\"image\/png\" \/>\n<meta name=\"author\" content=\"Jasmin Koskinen\" \/>\n<meta name=\"twitter:card\" content=\"summary_large_image\" \/>\n<meta name=\"twitter:creator\" content=\"@finnparalympic\" \/>\n<meta name=\"twitter:site\" content=\"@finnparalympic\" \/>\n<meta name=\"twitter:label1\" content=\"Skriven av\" \/>\n\t<meta name=\"twitter:data1\" content=\"Jasmin Koskinen\" \/>\n\t<meta name=\"twitter:label2\" content=\"Ber\u00e4knad l\u00e4stid\" \/>\n\t<meta name=\"twitter:data2\" content=\"3 minuter\" \/>\n<script type=\"application\/ld+json\" class=\"yoast-schema-graph\">{\"@context\":\"https:\\\/\\\/schema.org\",\"@graph\":[{\"@type\":\"Article\",\"@id\":\"https:\\\/\\\/www.paralympiarahasto.fi\\\/sv\\\/wethe15-idrottare-amanda-kotaja-med-hjalp-av-idrott-och-sport-kan-vi-gora-stora-framsteg-inom-jamlikhet\\\/#article\",\"isPartOf\":{\"@id\":\"https:\\\/\\\/www.paralympiarahasto.fi\\\/sv\\\/wethe15-idrottare-amanda-kotaja-med-hjalp-av-idrott-och-sport-kan-vi-gora-stora-framsteg-inom-jamlikhet\\\/\"},\"author\":{\"name\":\"Jasmin Koskinen\",\"@id\":\"https:\\\/\\\/www.paralympiarahasto.fi\\\/#\\\/schema\\\/person\\\/8d62d58fa5d7480451389a7a8c264685\"},\"headline\":\"WeThe15-idrottare \u2013 Amanda Kotaja: Med hj\u00e4lp av idrott och sport kan vi g\u00f6ra stora framsteg inom j\u00e4mlikhet\",\"datePublished\":\"2021-10-14T14:42:25+00:00\",\"dateModified\":\"2022-04-21T15:06:29+00:00\",\"mainEntityOfPage\":{\"@id\":\"https:\\\/\\\/www.paralympiarahasto.fi\\\/sv\\\/wethe15-idrottare-amanda-kotaja-med-hjalp-av-idrott-och-sport-kan-vi-gora-stora-framsteg-inom-jamlikhet\\\/\"},\"wordCount\":630,\"publisher\":{\"@id\":\"https:\\\/\\\/www.paralympiarahasto.fi\\\/#organization\"},\"image\":{\"@id\":\"https:\\\/\\\/www.paralympiarahasto.fi\\\/sv\\\/wethe15-idrottare-amanda-kotaja-med-hjalp-av-idrott-och-sport-kan-vi-gora-stora-framsteg-inom-jamlikhet\\\/#primaryimage\"},\"thumbnailUrl\":\"https:\\\/\\\/www.paralympiarahasto.fi\\\/wp-content\\\/uploads\\\/2021\\\/10\\\/Amanda_WeThe15_artikkelikuva.png\",\"keywords\":[\"idrott\",\"j\u00e4mlikhet\",\"parasport\",\"WeThe15\"],\"articleSection\":[\"Nyheter\"],\"inLanguage\":\"sv-SE\"},{\"@type\":\"WebPage\",\"@id\":\"https:\\\/\\\/www.paralympiarahasto.fi\\\/sv\\\/wethe15-idrottare-amanda-kotaja-med-hjalp-av-idrott-och-sport-kan-vi-gora-stora-framsteg-inom-jamlikhet\\\/\",\"url\":\"https:\\\/\\\/www.paralympiarahasto.fi\\\/sv\\\/wethe15-idrottare-amanda-kotaja-med-hjalp-av-idrott-och-sport-kan-vi-gora-stora-framsteg-inom-jamlikhet\\\/\",\"name\":\"WeThe15-idrottare \u2013 Amanda Kotaja: Med hj\u00e4lp av idrott och sport kan vi g\u00f6ra stora framsteg inom j\u00e4mlikhet - Paralympiarahasto\",\"isPartOf\":{\"@id\":\"https:\\\/\\\/www.paralympiarahasto.fi\\\/#website\"},\"primaryImageOfPage\":{\"@id\":\"https:\\\/\\\/www.paralympiarahasto.fi\\\/sv\\\/wethe15-idrottare-amanda-kotaja-med-hjalp-av-idrott-och-sport-kan-vi-gora-stora-framsteg-inom-jamlikhet\\\/#primaryimage\"},\"image\":{\"@id\":\"https:\\\/\\\/www.paralympiarahasto.fi\\\/sv\\\/wethe15-idrottare-amanda-kotaja-med-hjalp-av-idrott-och-sport-kan-vi-gora-stora-framsteg-inom-jamlikhet\\\/#primaryimage\"},\"thumbnailUrl\":\"https:\\\/\\\/www.paralympiarahasto.fi\\\/wp-content\\\/uploads\\\/2021\\\/10\\\/Amanda_WeThe15_artikkelikuva.png\",\"datePublished\":\"2021-10-14T14:42:25+00:00\",\"dateModified\":\"2022-04-21T15:06:29+00:00\",\"description\":\"Vad t\u00e4nker paralympiska silvermedalj\u00f6ren Amanda Kotaja om j\u00e4mlikhet?\",\"breadcrumb\":{\"@id\":\"https:\\\/\\\/www.paralympiarahasto.fi\\\/sv\\\/wethe15-idrottare-amanda-kotaja-med-hjalp-av-idrott-och-sport-kan-vi-gora-stora-framsteg-inom-jamlikhet\\\/#breadcrumb\"},\"inLanguage\":\"sv-SE\",\"potentialAction\":[{\"@type\":\"ReadAction\",\"target\":[\"https:\\\/\\\/www.paralympiarahasto.fi\\\/sv\\\/wethe15-idrottare-amanda-kotaja-med-hjalp-av-idrott-och-sport-kan-vi-gora-stora-framsteg-inom-jamlikhet\\\/\"]}]},{\"@type\":\"ImageObject\",\"inLanguage\":\"sv-SE\",\"@id\":\"https:\\\/\\\/www.paralympiarahasto.fi\\\/sv\\\/wethe15-idrottare-amanda-kotaja-med-hjalp-av-idrott-och-sport-kan-vi-gora-stora-framsteg-inom-jamlikhet\\\/#primaryimage\",\"url\":\"https:\\\/\\\/www.paralympiarahasto.fi\\\/wp-content\\\/uploads\\\/2021\\\/10\\\/Amanda_WeThe15_artikkelikuva.png\",\"contentUrl\":\"https:\\\/\\\/www.paralympiarahasto.fi\\\/wp-content\\\/uploads\\\/2021\\\/10\\\/Amanda_WeThe15_artikkelikuva.png\",\"width\":800,\"height\":450,\"caption\":\"Paralympiska silvermedalj\u00f6r Amanda Kotaja\"},{\"@type\":\"BreadcrumbList\",\"@id\":\"https:\\\/\\\/www.paralympiarahasto.fi\\\/sv\\\/wethe15-idrottare-amanda-kotaja-med-hjalp-av-idrott-och-sport-kan-vi-gora-stora-framsteg-inom-jamlikhet\\\/#breadcrumb\",\"itemListElement\":[{\"@type\":\"ListItem\",\"position\":1,\"name\":\"Framsida\",\"item\":\"https:\\\/\\\/www.paralympiarahasto.fi\\\/sv\\\/framsida\\\/\"},{\"@type\":\"ListItem\",\"position\":2,\"name\":\"WeThe15-idrottare \u2013 Amanda Kotaja: Med hj\u00e4lp av idrott och sport kan vi g\u00f6ra stora framsteg inom j\u00e4mlikhet\"}]},{\"@type\":\"WebSite\",\"@id\":\"https:\\\/\\\/www.paralympiarahasto.fi\\\/#website\",\"url\":\"https:\\\/\\\/www.paralympiarahasto.fi\\\/\",\"name\":\"Paralympiarahasto\",\"description\":\"Ole mukana muutoksen tekij&auml;n&auml;!\",\"publisher\":{\"@id\":\"https:\\\/\\\/www.paralympiarahasto.fi\\\/#organization\"},\"potentialAction\":[{\"@type\":\"SearchAction\",\"target\":{\"@type\":\"EntryPoint\",\"urlTemplate\":\"https:\\\/\\\/www.paralympiarahasto.fi\\\/?s={search_term_string}\"},\"query-input\":{\"@type\":\"PropertyValueSpecification\",\"valueRequired\":true,\"valueName\":\"search_term_string\"}}],\"inLanguage\":\"sv-SE\"},{\"@type\":\"Organization\",\"@id\":\"https:\\\/\\\/www.paralympiarahasto.fi\\\/#organization\",\"name\":\"Suomen Paralympiakomitea ry\",\"url\":\"https:\\\/\\\/www.paralympiarahasto.fi\\\/\",\"logo\":{\"@type\":\"ImageObject\",\"inLanguage\":\"sv-SE\",\"@id\":\"https:\\\/\\\/www.paralympiarahasto.fi\\\/#\\\/schema\\\/logo\\\/image\\\/\",\"url\":\"http:\\\/\\\/paralympiarahasto.fi\\\/wp-content\\\/uploads\\\/2021\\\/08\\\/xsuomen_paralympiakomitea_logo_cmyk_levea-1.png.pagespeed.ic_.aIEbAzOAwG.webp\",\"contentUrl\":\"http:\\\/\\\/paralympiarahasto.fi\\\/wp-content\\\/uploads\\\/2021\\\/08\\\/xsuomen_paralympiakomitea_logo_cmyk_levea-1.png.pagespeed.ic_.aIEbAzOAwG.webp\",\"width\":2000,\"height\":1000,\"caption\":\"Suomen Paralympiakomitea ry\"},\"image\":{\"@id\":\"https:\\\/\\\/www.paralympiarahasto.fi\\\/#\\\/schema\\\/logo\\\/image\\\/\"},\"sameAs\":[\"https:\\\/\\\/www.facebook.com\\\/paralympiakomitea\",\"https:\\\/\\\/x.com\\\/finnparalympic\",\"https:\\\/\\\/www.instagram.com\\\/finnparalympic\\\/\"]},{\"@type\":\"Person\",\"@id\":\"https:\\\/\\\/www.paralympiarahasto.fi\\\/#\\\/schema\\\/person\\\/8d62d58fa5d7480451389a7a8c264685\",\"name\":\"Jasmin Koskinen\"}]}<\/script>\n<!-- \/ Yoast SEO plugin. -->","yoast_head_json":{"title":"WeThe15-idrottare \u2013 Amanda Kotaja: Med hj\u00e4lp av idrott och sport kan vi g\u00f6ra stora framsteg inom j\u00e4mlikhet - Paralympiarahasto","description":"Vad t\u00e4nker paralympiska silvermedalj\u00f6ren Amanda Kotaja om j\u00e4mlikhet?","robots":{"index":"index","follow":"follow","max-snippet":"max-snippet:-1","max-image-preview":"max-image-preview:large","max-video-preview":"max-video-preview:-1"},"canonical":"https:\/\/www.paralympiarahasto.fi\/sv\/wethe15-idrottare-amanda-kotaja-med-hjalp-av-idrott-och-sport-kan-vi-gora-stora-framsteg-inom-jamlikhet\/","og_locale":"sv_SE","og_type":"article","og_title":"WeThe15-idrottare \u2013 Amanda Kotaja: Med hj\u00e4lp av idrott och sport kan vi g\u00f6ra stora framsteg inom j\u00e4mlikhet - Paralympiarahasto","og_description":"Vad t\u00e4nker paralympiska silvermedalj\u00f6ren Amanda Kotaja om j\u00e4mlikhet?","og_url":"https:\/\/www.paralympiarahasto.fi\/sv\/wethe15-idrottare-amanda-kotaja-med-hjalp-av-idrott-och-sport-kan-vi-gora-stora-framsteg-inom-jamlikhet\/","og_site_name":"Paralympiarahasto","article_publisher":"https:\/\/www.facebook.com\/paralympiakomitea","article_published_time":"2021-10-14T14:42:25+00:00","article_modified_time":"2022-04-21T15:06:29+00:00","og_image":[{"width":800,"height":450,"url":"https:\/\/www.paralympiarahasto.fi\/wp-content\/uploads\/2021\/10\/Amanda_WeThe15_artikkelikuva.png","type":"image\/png"}],"author":"Jasmin Koskinen","twitter_card":"summary_large_image","twitter_creator":"@finnparalympic","twitter_site":"@finnparalympic","twitter_misc":{"Skriven av":"Jasmin Koskinen","Ber\u00e4knad l\u00e4stid":"3 minuter"},"schema":{"@context":"https:\/\/schema.org","@graph":[{"@type":"Article","@id":"https:\/\/www.paralympiarahasto.fi\/sv\/wethe15-idrottare-amanda-kotaja-med-hjalp-av-idrott-och-sport-kan-vi-gora-stora-framsteg-inom-jamlikhet\/#article","isPartOf":{"@id":"https:\/\/www.paralympiarahasto.fi\/sv\/wethe15-idrottare-amanda-kotaja-med-hjalp-av-idrott-och-sport-kan-vi-gora-stora-framsteg-inom-jamlikhet\/"},"author":{"name":"Jasmin Koskinen","@id":"https:\/\/www.paralympiarahasto.fi\/#\/schema\/person\/8d62d58fa5d7480451389a7a8c264685"},"headline":"WeThe15-idrottare \u2013 Amanda Kotaja: Med hj\u00e4lp av idrott och sport kan vi g\u00f6ra stora framsteg inom j\u00e4mlikhet","datePublished":"2021-10-14T14:42:25+00:00","dateModified":"2022-04-21T15:06:29+00:00","mainEntityOfPage":{"@id":"https:\/\/www.paralympiarahasto.fi\/sv\/wethe15-idrottare-amanda-kotaja-med-hjalp-av-idrott-och-sport-kan-vi-gora-stora-framsteg-inom-jamlikhet\/"},"wordCount":630,"publisher":{"@id":"https:\/\/www.paralympiarahasto.fi\/#organization"},"image":{"@id":"https:\/\/www.paralympiarahasto.fi\/sv\/wethe15-idrottare-amanda-kotaja-med-hjalp-av-idrott-och-sport-kan-vi-gora-stora-framsteg-inom-jamlikhet\/#primaryimage"},"thumbnailUrl":"https:\/\/www.paralympiarahasto.fi\/wp-content\/uploads\/2021\/10\/Amanda_WeThe15_artikkelikuva.png","keywords":["idrott","j\u00e4mlikhet","parasport","WeThe15"],"articleSection":["Nyheter"],"inLanguage":"sv-SE"},{"@type":"WebPage","@id":"https:\/\/www.paralympiarahasto.fi\/sv\/wethe15-idrottare-amanda-kotaja-med-hjalp-av-idrott-och-sport-kan-vi-gora-stora-framsteg-inom-jamlikhet\/","url":"https:\/\/www.paralympiarahasto.fi\/sv\/wethe15-idrottare-amanda-kotaja-med-hjalp-av-idrott-och-sport-kan-vi-gora-stora-framsteg-inom-jamlikhet\/","name":"WeThe15-idrottare \u2013 Amanda Kotaja: Med hj\u00e4lp av idrott och sport kan vi g\u00f6ra stora framsteg inom j\u00e4mlikhet - Paralympiarahasto","isPartOf":{"@id":"https:\/\/www.paralympiarahasto.fi\/#website"},"primaryImageOfPage":{"@id":"https:\/\/www.paralympiarahasto.fi\/sv\/wethe15-idrottare-amanda-kotaja-med-hjalp-av-idrott-och-sport-kan-vi-gora-stora-framsteg-inom-jamlikhet\/#primaryimage"},"image":{"@id":"https:\/\/www.paralympiarahasto.fi\/sv\/wethe15-idrottare-amanda-kotaja-med-hjalp-av-idrott-och-sport-kan-vi-gora-stora-framsteg-inom-jamlikhet\/#primaryimage"},"thumbnailUrl":"https:\/\/www.paralympiarahasto.fi\/wp-content\/uploads\/2021\/10\/Amanda_WeThe15_artikkelikuva.png","datePublished":"2021-10-14T14:42:25+00:00","dateModified":"2022-04-21T15:06:29+00:00","description":"Vad t\u00e4nker paralympiska silvermedalj\u00f6ren Amanda Kotaja om j\u00e4mlikhet?","breadcrumb":{"@id":"https:\/\/www.paralympiarahasto.fi\/sv\/wethe15-idrottare-amanda-kotaja-med-hjalp-av-idrott-och-sport-kan-vi-gora-stora-framsteg-inom-jamlikhet\/#breadcrumb"},"inLanguage":"sv-SE","potentialAction":[{"@type":"ReadAction","target":["https:\/\/www.paralympiarahasto.fi\/sv\/wethe15-idrottare-amanda-kotaja-med-hjalp-av-idrott-och-sport-kan-vi-gora-stora-framsteg-inom-jamlikhet\/"]}]},{"@type":"ImageObject","inLanguage":"sv-SE","@id":"https:\/\/www.paralympiarahasto.fi\/sv\/wethe15-idrottare-amanda-kotaja-med-hjalp-av-idrott-och-sport-kan-vi-gora-stora-framsteg-inom-jamlikhet\/#primaryimage","url":"https:\/\/www.paralympiarahasto.fi\/wp-content\/uploads\/2021\/10\/Amanda_WeThe15_artikkelikuva.png","contentUrl":"https:\/\/www.paralympiarahasto.fi\/wp-content\/uploads\/2021\/10\/Amanda_WeThe15_artikkelikuva.png","width":800,"height":450,"caption":"Paralympiska silvermedalj\u00f6r Amanda Kotaja"},{"@type":"BreadcrumbList","@id":"https:\/\/www.paralympiarahasto.fi\/sv\/wethe15-idrottare-amanda-kotaja-med-hjalp-av-idrott-och-sport-kan-vi-gora-stora-framsteg-inom-jamlikhet\/#breadcrumb","itemListElement":[{"@type":"ListItem","position":1,"name":"Framsida","item":"https:\/\/www.paralympiarahasto.fi\/sv\/framsida\/"},{"@type":"ListItem","position":2,"name":"WeThe15-idrottare \u2013 Amanda Kotaja: Med hj\u00e4lp av idrott och sport kan vi g\u00f6ra stora framsteg inom j\u00e4mlikhet"}]},{"@type":"WebSite","@id":"https:\/\/www.paralympiarahasto.fi\/#website","url":"https:\/\/www.paralympiarahasto.fi\/","name":"Paralympiarahasto","description":"Ole mukana muutoksen tekij&auml;n&auml;!","publisher":{"@id":"https:\/\/www.paralympiarahasto.fi\/#organization"},"potentialAction":[{"@type":"SearchAction","target":{"@type":"EntryPoint","urlTemplate":"https:\/\/www.paralympiarahasto.fi\/?s={search_term_string}"},"query-input":{"@type":"PropertyValueSpecification","valueRequired":true,"valueName":"search_term_string"}}],"inLanguage":"sv-SE"},{"@type":"Organization","@id":"https:\/\/www.paralympiarahasto.fi\/#organization","name":"Suomen Paralympiakomitea ry","url":"https:\/\/www.paralympiarahasto.fi\/","logo":{"@type":"ImageObject","inLanguage":"sv-SE","@id":"https:\/\/www.paralympiarahasto.fi\/#\/schema\/logo\/image\/","url":"http:\/\/paralympiarahasto.fi\/wp-content\/uploads\/2021\/08\/xsuomen_paralympiakomitea_logo_cmyk_levea-1.png.pagespeed.ic_.aIEbAzOAwG.webp","contentUrl":"http:\/\/paralympiarahasto.fi\/wp-content\/uploads\/2021\/08\/xsuomen_paralympiakomitea_logo_cmyk_levea-1.png.pagespeed.ic_.aIEbAzOAwG.webp","width":2000,"height":1000,"caption":"Suomen Paralympiakomitea ry"},"image":{"@id":"https:\/\/www.paralympiarahasto.fi\/#\/schema\/logo\/image\/"},"sameAs":["https:\/\/www.facebook.com\/paralympiakomitea","https:\/\/x.com\/finnparalympic","https:\/\/www.instagram.com\/finnparalympic\/"]},{"@type":"Person","@id":"https:\/\/www.paralympiarahasto.fi\/#\/schema\/person\/8d62d58fa5d7480451389a7a8c264685","name":"Jasmin Koskinen"}]}},"_links":{"self":[{"href":"https:\/\/www.paralympiarahasto.fi\/sv\/wp-json\/wp\/v2\/posts\/1507","targetHints":{"allow":["GET"]}}],"collection":[{"href":"https:\/\/www.paralympiarahasto.fi\/sv\/wp-json\/wp\/v2\/posts"}],"about":[{"href":"https:\/\/www.paralympiarahasto.fi\/sv\/wp-json\/wp\/v2\/types\/post"}],"author":[{"embeddable":true,"href":"https:\/\/www.paralympiarahasto.fi\/sv\/wp-json\/wp\/v2\/users\/3"}],"replies":[{"embeddable":true,"href":"https:\/\/www.paralympiarahasto.fi\/sv\/wp-json\/wp\/v2\/comments?post=1507"}],"version-history":[{"count":2,"href":"https:\/\/www.paralympiarahasto.fi\/sv\/wp-json\/wp\/v2\/posts\/1507\/revisions"}],"predecessor-version":[{"id":1509,"href":"https:\/\/www.paralympiarahasto.fi\/sv\/wp-json\/wp\/v2\/posts\/1507\/revisions\/1509"}],"wp:featuredmedia":[{"embeddable":true,"href":"https:\/\/www.paralympiarahasto.fi\/sv\/wp-json\/wp\/v2\/media\/1032"}],"wp:attachment":[{"href":"https:\/\/www.paralympiarahasto.fi\/sv\/wp-json\/wp\/v2\/media?parent=1507"}],"wp:term":[{"taxonomy":"category","embeddable":true,"href":"https:\/\/www.paralympiarahasto.fi\/sv\/wp-json\/wp\/v2\/categories?post=1507"},{"taxonomy":"post_tag","embeddable":true,"href":"https:\/\/www.paralympiarahasto.fi\/sv\/wp-json\/wp\/v2\/tags?post=1507"}],"curies":[{"name":"wp","href":"https:\/\/api.w.org\/{rel}","templated":true}]}}